{"id":368,"date":"2020-07-29T10:15:35","date_gmt":"2020-07-29T10:15:35","guid":{"rendered":"http:\/\/www.swaytheme.com\/?p=368"},"modified":"2023-10-10T20:13:52","modified_gmt":"2023-10-10T20:13:52","slug":"lenguaje_inclusivo","status":"publish","type":"post","link":"https:\/\/masempleoandi.com.co\/orientacion\/lenguaje_inclusivo\/","title":{"rendered":"\u00bfC\u00f3mo podemos ser m\u00e1s inclusivos con nuestro lenguaje en el trabajo?"},"content":{"rendered":"<section class=\"wpb-content-wrapper\"><p>[vc_row kd_background_overlay=&#8221;default&#8221; kd_background_image_position=&#8221;vc_row-bg-position-top&#8221;][vc_column][vc_column_text]<\/p>\n<h4>En esta gu\u00eda podr\u00e1s encontrar una variedad de temas con el fin de lograr una mayor inclusi\u00f3n en la forma en la que nos comunicamos, dentro de los cuales se destacan:<\/h4>\n<ul>\n<li>Gu\u00eda de pronombres: Es necesario que seamos conscientes de la importancia que tiene para las personas con las que trabajamos su definici\u00f3n de g\u00e9nero.<strong>Dato curioso: <\/strong>\u00bfSab\u00edas que exite un d\u00eda internacional de los pronombres? Este se lleva a cabo desde el 2018 en 3er mi\u00e9rcoles de cada octubre.Si quieres saber m\u00e1s sobre este importante d\u00eda, visita la p\u00e1gina oficial de <a href=\"https:\/\/pronouns.org\/day\">pronombres.org<\/a><\/li>\n<li>Consejo de uso de pronombres en el lugar de trabajo<\/li>\n<\/ul>\n<ol>\n<li>Pregunta si no est\u00e1s seguro<\/li>\n<li>Ponte en los zapatos de las dem\u00e1s personas<\/li>\n<li>Comparte tus propios pronombres de forma rutinaria<\/li>\n<li>Implementa pol\u00edticas que alienten a las personas a respetar los pronombres<\/li>\n<li>Aprende de tus errores<\/li>\n<\/ol>\n<h4 style=\"text-align: center;\">Promueve una cultura de respeto y pertenencia para las y los colaboradores LGTBQIA+<\/h4>\n<p>[\/vc_column_text][\/vc_column][\/vc_row][vc_row kd_background_overlay=&#8221;default&#8221; kd_background_image_position=&#8221;vc_row-bg-position-top&#8221;][vc_column][vc_gallery interval=&#8221;3&#8243; images=&#8221;12262,12263,12261&#8243; img_size=&#8221;full&#8221;][\/vc_column][\/vc_row]<\/p>\n<\/section>","protected":false},"excerpt":{"rendered":"<p>E-commerce companies, alternative approaches to financing have unveiled new options for those looking for growth capital.<\/p>\n","protected":false},"author":1,"featured_media":12458,"comment_status":"open","ping_status":"closed","sticky":false,"template":"","format":"standard","meta":{"_monsterinsights_skip_tracking":false,"_monsterinsights_sitenote_active":false,"_monsterinsights_sitenote_note":"","_monsterinsights_sitenote_category":0,"footnotes":""},"categories":[2,3],"tags":[5,7,10],"class_list":["post-368","post","type-post","status-publish","format-standard","has-post-thumbnail","hentry","category-empresas","category-personas","tag-creative","tag-marketing","tag-startup"],"_links":{"self":[{"href":"https:\/\/masempleoandi.com.co\/orientacion\/wp-json\/wp\/v2\/posts\/368","targetHints":{"allow":["GET"]}}],"collection":[{"href":"https:\/\/masempleoandi.com.co\/orientacion\/wp-json\/wp\/v2\/posts"}],"about":[{"href":"https:\/\/masempleoandi.com.co\/orientacion\/wp-json\/wp\/v2\/types\/post"}],"author":[{"embeddable":true,"href":"https:\/\/masempleoandi.com.co\/orientacion\/wp-json\/wp\/v2\/users\/1"}],"replies":[{"embeddable":true,"href":"https:\/\/masempleoandi.com.co\/orientacion\/wp-json\/wp\/v2\/comments?post=368"}],"version-history":[{"count":13,"href":"https:\/\/masempleoandi.com.co\/orientacion\/wp-json\/wp\/v2\/posts\/368\/revisions"}],"predecessor-version":[{"id":12477,"href":"https:\/\/masempleoandi.com.co\/orientacion\/wp-json\/wp\/v2\/posts\/368\/revisions\/12477"}],"wp:featuredmedia":[{"embeddable":true,"href":"https:\/\/masempleoandi.com.co\/orientacion\/wp-json\/wp\/v2\/media\/12458"}],"wp:attachment":[{"href":"https:\/\/masempleoandi.com.co\/orientacion\/wp-json\/wp\/v2\/media?parent=368"}],"wp:term":[{"taxonomy":"category","embeddable":true,"href":"https:\/\/masempleoandi.com.co\/orientacion\/wp-json\/wp\/v2\/categories?post=368"},{"taxonomy":"post_tag","embeddable":true,"href":"https:\/\/masempleoandi.com.co\/orientacion\/wp-json\/wp\/v2\/tags?post=368"}],"curies":[{"name":"wp","href":"https:\/\/api.w.org\/{rel}","templated":true}]}}